{"id":5908,"date":"2024-12-10T17:34:22","date_gmt":"2024-12-10T16:34:22","guid":{"rendered":"https:\/\/www.shore-experience.com\/magazine\/jubileo-2025-acontecimientos-invernales-del-ano-santo-a-partir-de-este-mes-de-diciembre\/"},"modified":"2024-12-10T17:36:48","modified_gmt":"2024-12-10T16:36:48","slug":"jubileo-2025-acontecimientos-invernales-del-ano-santo-a-partir-de-este-mes-de-diciembre","status":"publish","type":"post","link":"https:\/\/www.shore-experience.com\/magazine\/es\/jubileo-2025-acontecimientos-invernales-del-ano-santo-a-partir-de-este-mes-de-diciembre\/","title":{"rendered":"Jubileo 2025: acontecimientos invernales del A\u00f1o Santo a partir de este mes de diciembre"},"content":{"rendered":"\n<p>Mientras el mundo se prepara para el <strong>Jubileo de 2025<\/strong>, un acontecimiento significativo en la Iglesia cat\u00f3lica, la emoci\u00f3n comienza con mucha antelaci\u00f3n. Este a\u00f1o santo, declarado por el Papa Francisco, marca un tiempo de renovaci\u00f3n, reflexi\u00f3n y crecimiento espiritual. Aunque el Jubileo comienza oficialmente el <strong>8 de diciembre de 2025<\/strong>, los acontecimientos que lo preceden en los meses de invierno de <strong>diciembre de 2024<\/strong> y <strong>enero y febrero de 2025<\/strong> ofrecen una oportunidad \u00fanica para que peregrinos y viajeros experimenten el calor de la fe y la comunidad en un ambiente festivo. Exploremos los acontecimientos y actividades clave durante este periodo sagrado.   <\/p>\n\n<figure class=\"wp-block-image size-large\"><img fetchpriority=\"high\" decoding=\"async\" width=\"1024\" height=\"621\" src=\"https:\/\/www.shore-experience.com\/magazine\/wp-content\/uploads\/2024\/10\/vaticano-albero-1024x621.png\" alt=\"\" class=\"wp-image-5224\" srcset=\"https:\/\/www.shore-experience.com\/magazine\/wp-content\/uploads\/2024\/10\/vaticano-albero-1024x621.png 1024w, https:\/\/www.shore-experience.com\/magazine\/wp-content\/uploads\/2024\/10\/vaticano-albero-300x182.png 300w, https:\/\/www.shore-experience.com\/magazine\/wp-content\/uploads\/2024\/10\/vaticano-albero-768x466.png 768w, https:\/\/www.shore-experience.com\/magazine\/wp-content\/uploads\/2024\/10\/vaticano-albero-1536x932.png 1536w, https:\/\/www.shore-experience.com\/magazine\/wp-content\/uploads\/2024\/10\/vaticano-albero-1170x710.png 1170w, https:\/\/www.shore-experience.com\/magazine\/wp-content\/uploads\/2024\/10\/vaticano-albero-585x355.png 585w, https:\/\/www.shore-experience.com\/magazine\/wp-content\/uploads\/2024\/10\/vaticano-albero.png 1540w\" sizes=\"(max-width: 1024px) 100vw, 1024px\" \/><\/figure>\n\n<h3 class=\"wp-block-heading\"><strong>Diciembre de 2024: el Adviento de las Celebraciones Jubilares<\/strong><\/h3>\n\n<p>Con la llegada del Adviento, en diciembre de 2024, Roma comenzar\u00e1 sus preparativos festivos para el Jubileo. He aqu\u00ed algunos aspectos destacados: <\/p>\n\n<ul>\n<li><strong>Ceremonias de apertura<\/strong><br\/>Las celebraciones del Jubileo habr\u00e1n comenzado el <strong>8 de diciembre de 2024<\/strong>, con una gran ceremonia de apertura en <strong>la Bas\u00edlica de San Pedro<\/strong>. Peregrinos y visitantes de todo el mundo se reunir\u00e1n para participar en este significativo acontecimiento, que incluir\u00e1 una Misa especial presidida por el Papa Francisco. La ceremonia marcar\u00e1 el tono del pr\u00f3ximo a\u00f1o de celebraci\u00f3n y reflexi\u00f3n.  <br\/><\/li>\n\n\n\n<li><strong>Liturgias<\/strong> de <strong>Adviento<\/strong><br\/>A lo largo de diciembre, se celebrar\u00e1n diversos actos lit\u00fargicos en iglesias de toda Roma. Los peregrinos podr\u00e1n participar en misas diarias, vigilias de oraci\u00f3n y el tradicional encendido de las coronas de Adviento, creando un ambiente espiritualmente edificante. Se prestar\u00e1 especial atenci\u00f3n a los temas de la esperanza, la paz y la alegr\u00eda, mientras las comunidades se preparan para la celebraci\u00f3n de la Navidad.  <br\/><\/li>\n\n\n\n<li><strong>Mercados y Fiestas de Navidad<\/strong>: Roma se transforma en un para\u00edso invernal durante las fiestas navide\u00f1as. Los visitantes pueden disfrutar de los vibrantes mercados navide\u00f1os, donde los artesanos locales venden artesan\u00eda hecha a mano, dulces festivos y regalos \u00fanicos. El ambiente se llena de alegr\u00eda navide\u00f1a, por lo que es un momento perfecto para que los peregrinos conecten con los dem\u00e1s y abracen el esp\u00edritu de dar.  <\/li>\n<\/ul>\n\n<h3 class=\"wp-block-heading\"><strong>Enero de 2025: Continuaci\u00f3n del esp\u00edritu jubilar<\/strong><\/h3>\n\n<p>Al comenzar el A\u00f1o Nuevo, las celebraciones del Jubileo contin\u00faan centr\u00e1ndose en la renovaci\u00f3n y la reflexi\u00f3n. Enero es un tiempo para que los peregrinos profundicen en su camino espiritual. <\/p>\n\n<ul>\n<li><strong>Fiesta de la Epifan\u00eda (6 de enero)<\/strong><br\/>Esta importante fiesta celebra la revelaci\u00f3n de Cristo a los gentiles y marca el final de la temporada navide\u00f1a. Se celebrar\u00e1n misas especiales en <strong>la Bas\u00edlica de San Pedro<\/strong> y por toda Roma, a las que asistir\u00e1n muchos peregrinos para recibir bendiciones y participar en las ricas tradiciones asociadas a la Epifan\u00eda, incluida la <strong>Befana<\/strong>, personaje folcl\u00f3rico que trae regalos. <br\/><\/li>\n\n\n\n<li>Audiencia <strong>Papal<\/strong><br\/>a lo largo de enero, los peregrinos tienen la oportunidad de asistir a una Audiencia Papal, en la que el Papa Francisco se dirige a la multitud y comparte mensajes de esperanza y fe. Estas audiencias son una parte integral de la experiencia del Jubileo, que permite a los asistentes sentirse conectados con el Santo Padre y con la comunidad m\u00e1s amplia de creyentes. <br\/><\/li>\n\n\n\n<li><strong>Exposiciones del Jubileo<\/strong><br\/>Se organizar\u00e1n varias exposiciones en Roma, que mostrar\u00e1n el significado del Jubileo y sus temas de misericordia y reconciliaci\u00f3n. Los visitantes podr\u00e1n participar en instalaciones art\u00edsticas, muestras hist\u00f3ricas y experiencias interactivas que ponen de relieve la importancia de este a\u00f1o santo. <\/li>\n<\/ul>\n\n<h3 class=\"wp-block-heading\"><strong>Febrero 2025: Abrazar la Misericordia y la Comunidad<\/strong><\/h3>\n\n<p>A medida que los meses de invierno se acercan a su fin, febrero ofrecer\u00e1 m\u00e1s oportunidades de crecimiento espiritual y compromiso comunitario.<\/p>\n\n<ul>\n<li><strong>Servicios especiales de Cu<\/strong>aresma<br\/>Febrero est\u00e1 marcado por el comienzo de la Cuaresma, un periodo de reflexi\u00f3n y preparaci\u00f3n para la Pascua. Las iglesias de toda Roma celebrar\u00e1n servicios especiales de Cuaresma, haciendo hincapi\u00e9 en temas de arrepentimiento y renovaci\u00f3n. Se anima a los peregrinos a participar en estos servicios, fomentando una comprensi\u00f3n m\u00e1s profunda de su fe.  <br\/><\/li>\n\n\n\n<li><strong>Reuniones de j\u00f3venes<\/strong><br\/>El Jubileo subraya la importancia de los j\u00f3venes en la Iglesia. En febrero se celebrar\u00e1n varias reuniones y actos destinados a implicar a los j\u00f3venes en debates sobre la fe, la comunidad y el servicio. Estos actos incluir\u00e1n talleres, charlas y actividades sociales que fomenten la participaci\u00f3n en la misi\u00f3n de la Iglesia.  <br\/><\/li>\n\n\n\n<li><strong>\u00daltimos preparativos para el Jubileo<\/strong><br\/>A medida que aumenta la expectaci\u00f3n por la apertura oficial del Jubileo, Roma bullir\u00e1 de actividad. Estar\u00e1n en marcha los preparativos para las grandes celebraciones que tendr\u00e1n lugar en 2025, y los visitantes podr\u00e1n ser testigos de c\u00f3mo la ciudad cobra vida con decoraciones, actos y una afluencia de peregrinos de todo el mundo. <\/li>\n<\/ul>\n\n<p>Los meses de invierno previos al <strong>Jubileo de 2025<\/strong> brindan a los peregrinos y viajeros una oportunidad \u00fanica de sumergirse en el esp\u00edritu de fe, comunidad y celebraci\u00f3n. Desde las ceremonias de apertura en diciembre de 2024 hasta los diversos actos de enero y febrero de 2025, el ambiente en Roma ser\u00e1 vibrante y edificante. Ya sea asistiendo a Misa en <strong>la Bas\u00edlica de San Pedro<\/strong>, explorando los mercados navide\u00f1os o participando en actos lit\u00fargicos especiales, los visitantes formar\u00e1n parte de un rico tapiz de fe que culminar\u00e1 en las grandiosas celebraciones del Jubileo. Este invierno, \u00fanete a la comunidad mundial para prepararte para un a\u00f1o de gracia, renovaci\u00f3n y transformaci\u00f3n espiritual en el coraz\u00f3n de la Iglesia cat\u00f3lica.   <\/p>\n","protected":false},"excerpt":{"rendered":"<p>Mientras el mundo se prepara para el Jubileo de 2025, un acontecimiento significativo en la Iglesia cat\u00f3lica, la emoci\u00f3n comienza con mucha antelaci\u00f3n. Este a\u00f1o santo, declarado por el Papa&hellip;<\/p>\n","protected":false},"author":2,"featured_media":5227,"comment_status":"closed","ping_status":"open","sticky":false,"template":"","format":"standard","meta":{"footnotes":""},"categories":[208,152,153,168,207,139,173],"tags":[],"yoast_head":"<!-- This site is optimized with the Yoast SEO plugin v23.0 - https:\/\/yoast.com\/wordpress\/plugins\/seo\/ -->\n<title>Jubileo 2025: acontecimientos invernales del A\u00f1o Santo<\/title>\n<meta name=\"description\" content=\"Todos los eventos lit\u00fargicos que puedes disfrutar durante tu crucero en Roma desde Civitavecchia. \u00a1El jubileo 2025 te est\u00e1 esperando!\" \/>\n<meta name=\"robots\" content=\"index, follow, max-snippet:-1, max-image-preview:large, max-video-preview:-1\" \/>\n<link rel=\"canonical\" href=\"https:\/\/www.shore-experience.com\/magazine\/es\/jubileo-2025-acontecimientos-invernales-del-ano-santo-a-partir-de-este-mes-de-diciembre\/\" \/>\n<meta property=\"og:locale\" content=\"es_ES\" \/>\n<meta property=\"og:type\" content=\"article\" \/>\n<meta property=\"og:title\" content=\"Jubileo 2025: acontecimientos invernales del A\u00f1o Santo\" \/>\n<meta property=\"og:description\" content=\"Todos los eventos lit\u00fargicos que puedes disfrutar durante tu crucero en Roma desde Civitavecchia. \u00a1El jubileo 2025 te est\u00e1 esperando!\" \/>\n<meta property=\"og:url\" content=\"https:\/\/www.shore-experience.com\/magazine\/es\/jubileo-2025-acontecimientos-invernales-del-ano-santo-a-partir-de-este-mes-de-diciembre\/\" \/>\n<meta property=\"og:site_name\" content=\"https:\/\/www.shore-experience.com\/magazine\/\" \/>\n<meta property=\"article:published_time\" content=\"2024-12-10T16:34:22+00:00\" \/>\n<meta property=\"article:modified_time\" content=\"2024-12-10T16:36:48+00:00\" \/>\n<meta property=\"og:image\" content=\"https:\/\/www.shore-experience.com\/magazine\/wp-content\/uploads\/2024\/10\/vaticano-albero-1024x621.png\" \/>\n\t<meta property=\"og:image:width\" content=\"1024\" \/>\n\t<meta property=\"og:image:height\" content=\"621\" \/>\n\t<meta property=\"og:image:type\" content=\"image\/png\" \/>\n<meta name=\"author\" content=\"citysightseeing\" \/>\n<meta name=\"twitter:card\" content=\"summary_large_image\" \/>\n<meta name=\"twitter:label1\" content=\"Escrito por\" \/>\n\t<meta name=\"twitter:data1\" content=\"citysightseeing\" \/>\n\t<meta name=\"twitter:label2\" content=\"Tiempo de lectura\" \/>\n\t<meta name=\"twitter:data2\" content=\"5 minutos\" \/>\n<script type=\"application\/ld+json\" class=\"yoast-schema-graph\">{\"@context\":\"https:\/\/schema.org\",\"@graph\":[{\"@type\":\"WebPage\",\"@id\":\"https:\/\/www.shore-experience.com\/magazine\/es\/jubileo-2025-acontecimientos-invernales-del-ano-santo-a-partir-de-este-mes-de-diciembre\/\",\"url\":\"https:\/\/www.shore-experience.com\/magazine\/es\/jubileo-2025-acontecimientos-invernales-del-ano-santo-a-partir-de-este-mes-de-diciembre\/\",\"name\":\"Jubileo 2025: acontecimientos invernales del A\u00f1o Santo\",\"isPartOf\":{\"@id\":\"https:\/\/www.shore-experience.com\/magazine\/#website\"},\"primaryImageOfPage\":{\"@id\":\"https:\/\/www.shore-experience.com\/magazine\/es\/jubileo-2025-acontecimientos-invernales-del-ano-santo-a-partir-de-este-mes-de-diciembre\/#primaryimage\"},\"image\":{\"@id\":\"https:\/\/www.shore-experience.com\/magazine\/es\/jubileo-2025-acontecimientos-invernales-del-ano-santo-a-partir-de-este-mes-de-diciembre\/#primaryimage\"},\"thumbnailUrl\":\"https:\/\/www.shore-experience.com\/magazine\/wp-content\/uploads\/2024\/10\/vaticano-albero.png\",\"datePublished\":\"2024-12-10T16:34:22+00:00\",\"dateModified\":\"2024-12-10T16:36:48+00:00\",\"author\":{\"@id\":\"https:\/\/www.shore-experience.com\/magazine\/#\/schema\/person\/9b53f6b3b9ce38f9e85134ee918ace2f\"},\"description\":\"Todos los eventos lit\u00fargicos que puedes disfrutar durante tu crucero en Roma desde Civitavecchia. \u00a1El jubileo 2025 te est\u00e1 esperando!\",\"breadcrumb\":{\"@id\":\"https:\/\/www.shore-experience.com\/magazine\/es\/jubileo-2025-acontecimientos-invernales-del-ano-santo-a-partir-de-este-mes-de-diciembre\/#breadcrumb\"},\"inLanguage\":\"es\",\"potentialAction\":[{\"@type\":\"ReadAction\",\"target\":[\"https:\/\/www.shore-experience.com\/magazine\/es\/jubileo-2025-acontecimientos-invernales-del-ano-santo-a-partir-de-este-mes-de-diciembre\/\"]}]},{\"@type\":\"ImageObject\",\"inLanguage\":\"es\",\"@id\":\"https:\/\/www.shore-experience.com\/magazine\/es\/jubileo-2025-acontecimientos-invernales-del-ano-santo-a-partir-de-este-mes-de-diciembre\/#primaryimage\",\"url\":\"https:\/\/www.shore-experience.com\/magazine\/wp-content\/uploads\/2024\/10\/vaticano-albero.png\",\"contentUrl\":\"https:\/\/www.shore-experience.com\/magazine\/wp-content\/uploads\/2024\/10\/vaticano-albero.png\",\"width\":1540,\"height\":934},{\"@type\":\"BreadcrumbList\",\"@id\":\"https:\/\/www.shore-experience.com\/magazine\/es\/jubileo-2025-acontecimientos-invernales-del-ano-santo-a-partir-de-este-mes-de-diciembre\/#breadcrumb\",\"itemListElement\":[{\"@type\":\"ListItem\",\"position\":1,\"name\":\"Home\",\"item\":\"https:\/\/www.shore-experience.com\/magazine\/es\/\"},{\"@type\":\"ListItem\",\"position\":2,\"name\":\"Jubileo 2025: acontecimientos invernales del A\u00f1o Santo a partir de este mes de diciembre\"}]},{\"@type\":\"WebSite\",\"@id\":\"https:\/\/www.shore-experience.com\/magazine\/#website\",\"url\":\"https:\/\/www.shore-experience.com\/magazine\/\",\"name\":\"https:\/\/www.shore-experience.com\/magazine\/\",\"description\":\"The official Tour Operator of City\",\"potentialAction\":[{\"@type\":\"SearchAction\",\"target\":{\"@type\":\"EntryPoint\",\"urlTemplate\":\"https:\/\/www.shore-experience.com\/magazine\/?s={search_term_string}\"},\"query-input\":\"required name=search_term_string\"}],\"inLanguage\":\"es\"},{\"@type\":\"Person\",\"@id\":\"https:\/\/www.shore-experience.com\/magazine\/#\/schema\/person\/9b53f6b3b9ce38f9e85134ee918ace2f\",\"name\":\"citysightseeing\",\"image\":{\"@type\":\"ImageObject\",\"inLanguage\":\"es\",\"@id\":\"https:\/\/www.shore-experience.com\/magazine\/#\/schema\/person\/image\/\",\"url\":\"https:\/\/secure.gravatar.com\/avatar\/b306ff438c1d50ac58deb9927ca3a583?s=96&d=mm&r=g\",\"contentUrl\":\"https:\/\/secure.gravatar.com\/avatar\/b306ff438c1d50ac58deb9927ca3a583?s=96&d=mm&r=g\",\"caption\":\"citysightseeing\"},\"url\":\"https:\/\/www.shore-experience.com\/magazine\/es\/author\/citysightseeing\/\"}]}<\/script>\n<!-- \/ Yoast SEO plugin. -->","yoast_head_json":{"title":"Jubileo 2025: acontecimientos invernales del A\u00f1o Santo","description":"Todos los eventos lit\u00fargicos que puedes disfrutar durante tu crucero en Roma desde Civitavecchia. \u00a1El jubileo 2025 te est\u00e1 esperando!","robots":{"index":"index","follow":"follow","max-snippet":"max-snippet:-1","max-image-preview":"max-image-preview:large","max-video-preview":"max-video-preview:-1"},"canonical":"https:\/\/www.shore-experience.com\/magazine\/es\/jubileo-2025-acontecimientos-invernales-del-ano-santo-a-partir-de-este-mes-de-diciembre\/","og_locale":"es_ES","og_type":"article","og_title":"Jubileo 2025: acontecimientos invernales del A\u00f1o Santo","og_description":"Todos los eventos lit\u00fargicos que puedes disfrutar durante tu crucero en Roma desde Civitavecchia. \u00a1El jubileo 2025 te est\u00e1 esperando!","og_url":"https:\/\/www.shore-experience.com\/magazine\/es\/jubileo-2025-acontecimientos-invernales-del-ano-santo-a-partir-de-este-mes-de-diciembre\/","og_site_name":"https:\/\/www.shore-experience.com\/magazine\/","article_published_time":"2024-12-10T16:34:22+00:00","article_modified_time":"2024-12-10T16:36:48+00:00","og_image":[{"width":1024,"height":621,"url":"https:\/\/www.shore-experience.com\/magazine\/wp-content\/uploads\/2024\/10\/vaticano-albero-1024x621.png","type":"image\/png"}],"author":"citysightseeing","twitter_card":"summary_large_image","twitter_misc":{"Escrito por":"citysightseeing","Tiempo de lectura":"5 minutos"},"schema":{"@context":"https:\/\/schema.org","@graph":[{"@type":"WebPage","@id":"https:\/\/www.shore-experience.com\/magazine\/es\/jubileo-2025-acontecimientos-invernales-del-ano-santo-a-partir-de-este-mes-de-diciembre\/","url":"https:\/\/www.shore-experience.com\/magazine\/es\/jubileo-2025-acontecimientos-invernales-del-ano-santo-a-partir-de-este-mes-de-diciembre\/","name":"Jubileo 2025: acontecimientos invernales del A\u00f1o Santo","isPartOf":{"@id":"https:\/\/www.shore-experience.com\/magazine\/#website"},"primaryImageOfPage":{"@id":"https:\/\/www.shore-experience.com\/magazine\/es\/jubileo-2025-acontecimientos-invernales-del-ano-santo-a-partir-de-este-mes-de-diciembre\/#primaryimage"},"image":{"@id":"https:\/\/www.shore-experience.com\/magazine\/es\/jubileo-2025-acontecimientos-invernales-del-ano-santo-a-partir-de-este-mes-de-diciembre\/#primaryimage"},"thumbnailUrl":"https:\/\/www.shore-experience.com\/magazine\/wp-content\/uploads\/2024\/10\/vaticano-albero.png","datePublished":"2024-12-10T16:34:22+00:00","dateModified":"2024-12-10T16:36:48+00:00","author":{"@id":"https:\/\/www.shore-experience.com\/magazine\/#\/schema\/person\/9b53f6b3b9ce38f9e85134ee918ace2f"},"description":"Todos los eventos lit\u00fargicos que puedes disfrutar durante tu crucero en Roma desde Civitavecchia. \u00a1El jubileo 2025 te est\u00e1 esperando!","breadcrumb":{"@id":"https:\/\/www.shore-experience.com\/magazine\/es\/jubileo-2025-acontecimientos-invernales-del-ano-santo-a-partir-de-este-mes-de-diciembre\/#breadcrumb"},"inLanguage":"es","potentialAction":[{"@type":"ReadAction","target":["https:\/\/www.shore-experience.com\/magazine\/es\/jubileo-2025-acontecimientos-invernales-del-ano-santo-a-partir-de-este-mes-de-diciembre\/"]}]},{"@type":"ImageObject","inLanguage":"es","@id":"https:\/\/www.shore-experience.com\/magazine\/es\/jubileo-2025-acontecimientos-invernales-del-ano-santo-a-partir-de-este-mes-de-diciembre\/#primaryimage","url":"https:\/\/www.shore-experience.com\/magazine\/wp-content\/uploads\/2024\/10\/vaticano-albero.png","contentUrl":"https:\/\/www.shore-experience.com\/magazine\/wp-content\/uploads\/2024\/10\/vaticano-albero.png","width":1540,"height":934},{"@type":"BreadcrumbList","@id":"https:\/\/www.shore-experience.com\/magazine\/es\/jubileo-2025-acontecimientos-invernales-del-ano-santo-a-partir-de-este-mes-de-diciembre\/#breadcrumb","itemListElement":[{"@type":"ListItem","position":1,"name":"Home","item":"https:\/\/www.shore-experience.com\/magazine\/es\/"},{"@type":"ListItem","position":2,"name":"Jubileo 2025: acontecimientos invernales del A\u00f1o Santo a partir de este mes de diciembre"}]},{"@type":"WebSite","@id":"https:\/\/www.shore-experience.com\/magazine\/#website","url":"https:\/\/www.shore-experience.com\/magazine\/","name":"https:\/\/www.shore-experience.com\/magazine\/","description":"The official Tour Operator of City","potentialAction":[{"@type":"SearchAction","target":{"@type":"EntryPoint","urlTemplate":"https:\/\/www.shore-experience.com\/magazine\/?s={search_term_string}"},"query-input":"required name=search_term_string"}],"inLanguage":"es"},{"@type":"Person","@id":"https:\/\/www.shore-experience.com\/magazine\/#\/schema\/person\/9b53f6b3b9ce38f9e85134ee918ace2f","name":"citysightseeing","image":{"@type":"ImageObject","inLanguage":"es","@id":"https:\/\/www.shore-experience.com\/magazine\/#\/schema\/person\/image\/","url":"https:\/\/secure.gravatar.com\/avatar\/b306ff438c1d50ac58deb9927ca3a583?s=96&d=mm&r=g","contentUrl":"https:\/\/secure.gravatar.com\/avatar\/b306ff438c1d50ac58deb9927ca3a583?s=96&d=mm&r=g","caption":"citysightseeing"},"url":"https:\/\/www.shore-experience.com\/magazine\/es\/author\/citysightseeing\/"}]}},"_links":{"self":[{"href":"https:\/\/www.shore-experience.com\/magazine\/es\/wp-json\/wp\/v2\/posts\/5908"}],"collection":[{"href":"https:\/\/www.shore-experience.com\/magazine\/es\/wp-json\/wp\/v2\/posts"}],"about":[{"href":"https:\/\/www.shore-experience.com\/magazine\/es\/wp-json\/wp\/v2\/types\/post"}],"author":[{"embeddable":true,"href":"https:\/\/www.shore-experience.com\/magazine\/es\/wp-json\/wp\/v2\/users\/2"}],"replies":[{"embeddable":true,"href":"https:\/\/www.shore-experience.com\/magazine\/es\/wp-json\/wp\/v2\/comments?post=5908"}],"version-history":[{"count":1,"href":"https:\/\/www.shore-experience.com\/magazine\/es\/wp-json\/wp\/v2\/posts\/5908\/revisions"}],"predecessor-version":[{"id":5911,"href":"https:\/\/www.shore-experience.com\/magazine\/es\/wp-json\/wp\/v2\/posts\/5908\/revisions\/5911"}],"wp:featuredmedia":[{"embeddable":true,"href":"https:\/\/www.shore-experience.com\/magazine\/es\/wp-json\/wp\/v2\/media\/5227"}],"wp:attachment":[{"href":"https:\/\/www.shore-experience.com\/magazine\/es\/wp-json\/wp\/v2\/media?parent=5908"}],"wp:term":[{"taxonomy":"category","embeddable":true,"href":"https:\/\/www.shore-experience.com\/magazine\/es\/wp-json\/wp\/v2\/categories?post=5908"},{"taxonomy":"post_tag","embeddable":true,"href":"https:\/\/www.shore-experience.com\/magazine\/es\/wp-json\/wp\/v2\/tags?post=5908"}],"curies":[{"name":"wp","href":"https:\/\/api.w.org\/{rel}","templated":true}]}}